[{"@context":"https:\/\/schema.org\/","@type":"Article","@id":"https:\/\/www.rebooter.cz\/budte-na-jare-a-v-lete-in\/#Article","mainEntityOfPage":"https:\/\/www.rebooter.cz\/budte-na-jare-a-v-lete-in\/","headline":"Bu\u010fte na ja\u0159e a v l\u00e9t\u011b IN!","name":"Bu\u010fte na ja\u0159e a v l\u00e9t\u011b IN!","description":"Ji\u017e je takov\u00fdm pravidlem, \u017ee na ja\u0159e se c\u00edt\u00edme jako vym\u011bn\u011bn\u00ed, c\u00edt\u00edme p\u0159\u00edliv energie, chu\u0165 do \u017eivota, chu\u0165 p\u0159ekon\u00e1vat v\u00fdzvy. V\u0161echno zvl\u00e1d\u00e1me snadn\u011bji ne\u017e v zim\u011b a je to hlavn\u011b sluncem, kter\u00e9 n\u00e1m ji\u017e po zim\u011b pom\u011brn\u011b hodn\u011b chyb\u00ed. V moment\u011b, kdy tedy vysvitne slun\u00ed\u010dko, c\u00edt\u00edme se mnohem veseleji a t\u00edm je ovlivn\u011bn i n\u00e1\u0161 [&hellip;]","datePublished":"2025-02-23","dateModified":"2023-04-30","author":{"@type":"Person","@id":"https:\/\/www.rebooter.cz\/author\/devene\/#Person","name":"devene","url":"https:\/\/www.rebooter.cz\/author\/devene\/","identifier":1,"image":{"@type":"ImageObject","@id":"https:\/\/secure.gravatar.com\/avatar\/99fa2d7bb0ff3369cbf7f1481134d0b6f7aff596e984b7c90a3d99b8b24eb0d8?s=96&d=mm&r=g","url":"https:\/\/secure.gravatar.com\/avatar\/99fa2d7bb0ff3369cbf7f1481134d0b6f7aff596e984b7c90a3d99b8b24eb0d8?s=96&d=mm&r=g","height":96,"width":96}},"publisher":{"@type":"Organization","name":"rebooter.cz","logo":{"@type":"ImageObject","@id":"\/logo.png","url":"\/logo.png","width":600,"height":60}},"image":{"@type":"ImageObject","@id":"https:\/\/www.rebooter.cz\/wp-content\/uploads\/img_a314438_w2541_t1525332911.jpg","url":"https:\/\/www.rebooter.cz\/wp-content\/uploads\/img_a314438_w2541_t1525332911.jpg","height":0,"width":0},"url":"https:\/\/www.rebooter.cz\/budte-na-jare-a-v-lete-in\/","about":["M\u00f3da"],"wordCount":564,"articleBody":"Ji\u017e je takov\u00fdm pravidlem, \u017ee na ja\u0159e se c\u00edt\u00edme jako vym\u011bn\u011bn\u00ed, c\u00edt\u00edme p\u0159\u00edliv energie, chu\u0165 do \u017eivota, chu\u0165 p\u0159ekon\u00e1vat v\u00fdzvy. V\u0161echno zvl\u00e1d\u00e1me snadn\u011bji ne\u017e v zim\u011b a je to hlavn\u011b sluncem, kter\u00e9 n\u00e1m ji\u017e po zim\u011b pom\u011brn\u011b hodn\u011b chyb\u00ed.V moment\u011b, kdy tedy vysvitne slun\u00ed\u010dko, c\u00edt\u00edme se mnohem veseleji a t\u00edm je ovlivn\u011bn i n\u00e1\u0161 \u0161atn\u00edk. Letos tomu nebude jinak a jaro a l\u00e9to se op\u011bt ponese v duchu vesel\u00e9 m\u00f3dy.\u0160atn\u00edk oproti lo\u0148sk\u00e9 jarn\u00ed a letn\u00ed sezon\u011b nemus\u00edte nijak z\u00e1sadn\u011b m\u011bnit a m\u016f\u017eete op\u011bt vyt\u00e1hnout oble\u010den\u00ed, kter\u00e9 nese v\u00fdrazn\u00e9 prvky zdoben\u00ed, a\u0165 u\u017e to budou perli\u010dky \u010di kor\u00e1lky. Modern\u00ed i letos budou denimov\u00e9 svrchn\u00ed bundi\u010dky, samoz\u0159ejm\u011b i letos jsou in d\u017e\u00edny, tri\u010dka a boty z d\u017e\u00ednoviny.Mezi klasiku jarn\u00edch a letn\u00edch model\u016f se ji\u017e v tuto chv\u00edli \u0159ad\u00ed i r\u016fzn\u00e9 zaj\u00edmav\u00e9 ruk\u00e1vy, a\u0165 u\u017e to jsou zvonov\u00e9 ruk\u00e1vy \u010di v\u00fdrazn\u011bj\u0161\u00ed vol\u00e1nkov\u00e9 druhy ruk\u00e1v\u016f.Oproti zim\u011b, kter\u00e1 skon\u010dila, se te\u010f hod\u00ed vyt\u00e1hnout mikiny a tri\u010dka s dlouh\u00fdm ruk\u00e1vem. Potom na l\u00e9to tedy tri\u010dka s krajkou a vol\u00e1nky.Mo\u017en\u00e1 to nikoho nep\u0159ekvap\u00ed, ale mezi barvy leto\u0161n\u00edho jara se \u0159ad\u00ed hlavn\u011b \u017elut\u00e1 a zelen\u00e1, kter\u00e9 kr\u00e1sn\u011b podtrhuj\u00ed barvy jara v p\u0159\u00edrod\u011b a samoz\u0159ejm\u011b \u010derven\u00e1. Z toho jasn\u011b plyne, \u017ee budou trendy tak\u00e9 kv\u011btovan\u00e9 a kostkovan\u00e9 vzory, kter\u00e9 se uplat\u0148uj\u00ed hlavn\u011b v cigaretov\u00fdch kalhot\u00e1ch a sak\u00e1ch. Je jasn\u00e9, \u017ee tato m\u00f3da, respektive tento trend se podep\u00ed\u0161e hlavn\u011b na kancel\u00e1\u0159sk\u00e9 m\u00f3d\u011b, kter\u00e1 nebude v leto\u0161n\u00edm ja\u0159e p\u0159\u00edli\u0161 konzervativn\u00ed, ale naopak se bude hodit ji tro\u0161ku doplnit pr\u00e1v\u011b uveden\u00fdmi kousky od\u011bv\u016f.Klasikou je ji\u017e n\u011bkolik let pro jaro a l\u00e9to samoz\u0159ejm\u011b tak\u00e9 r\u016f\u017eov\u00e1 barva, letos hlavn\u011b tak zvan\u00e1 pudrov\u00e1. A\u0165 u\u017e to budou ko\u017eenkov\u00e9 \u010di ko\u017een\u00e9 jarn\u00ed bundi\u010dky, ur\u010dit\u011b nikoho neomrz\u00ed. Takov\u00e9 bundi\u010dky, a\u0165 u\u017e ze zmi\u0148ovan\u00e9ho denimu \u010di r\u016f\u017eov\u00e9 ko\u017een\u00e9 \u010di ko\u017eenkov\u00e9 bundi\u010dky se toti\u017e hod\u00ed opravdu ke v\u0161em druh\u016fm \u0161at\u016f, sukn\u00edm \u010di kalhot\u00e1m.Poj\u010fme si tedy \u0159\u00edct p\u0159\u00edklad jednoho modelu, kter\u00fd se ur\u010dit\u011b bude na leto\u0161n\u00ed jaro hodit. Najd\u011bte v \u0161atn\u00edku tedy jarn\u00ed \u0161aty, kter\u00e9 mohou b\u00fdt jednobarevn\u00e9, nap\u0159\u00edklad \u010dern\u00e9 a nebo \u0161aty se vzorem kv\u011bt\u016f. Navrch ho\u010fte r\u016f\u017eovou \u010di pudrovou bundi\u010dku nebo bundi\u010dku z denimu. Nezapome\u0148te sladit spr\u00e1vn\u00e9 boty. Ide\u00e1ln\u00ed volbou budou k denimov\u00e9 bundi\u010dce varianta d\u017e\u00ednov\u00fdch bot a pokud jste zvolila bundi\u010dku v pudrov\u00e9 barv\u011b, vyberte k n\u00ed i spr\u00e1vn\u00e9 botky v podobn\u00e9m odst\u00ednu. Kabelka by m\u011bla ladit s trendy, tedy by mohla b\u00fdt ve \u017elut\u00e9 barv\u011b s dopl\u0148ky v r\u016f\u017eov\u00fdch nebo d\u017e\u00ednov\u00fdch odst\u00ednech. Nezapome\u0148te v\u0161ak v\u00e1\u0161 model doplnit o spr\u00e1vn\u00fd \u00fa\u010des a l\u00ed\u010den\u00ed. Pry\u010d je \u010das studen\u00fdch a zast\u0159en\u00fdch barev. Nyn\u00ed je \u010das na vesel\u00e9 a \u0161\u0165avnat\u00e9 barvy!                                                                                                                                                                                                                                                                                                                                                                                        4\/5 - (5 votes)        "},{"@context":"https:\/\/schema.org\/","@type":"BreadcrumbList","itemListElement":[{"@type":"ListItem","position":1,"name":"Bu\u010fte na ja\u0159e a v l\u00e9t\u011b IN!","item":"https:\/\/www.rebooter.cz\/budte-na-jare-a-v-lete-in\/#breadcrumbitem"}]}]