[{"@context":"https:\/\/schema.org\/","@type":"Article","@id":"https:\/\/www.rebooter.cz\/pekna-dovolena\/#Article","mainEntityOfPage":"https:\/\/www.rebooter.cz\/pekna-dovolena\/","headline":"P\u011bkn\u00e1 dovolen\u00e1","name":"P\u011bkn\u00e1 dovolen\u00e1","description":"Kdy\u017e jsem pl\u00e1novala n\u011bjakou p\u011bknou dovolenou s d\u011btmi, tak jsem v\u016fbec nemohla p\u0159ij\u00edt na to, co by bylo nejlep\u0161\u00ed. Samoz\u0159ejm\u011b, \u017ee jsme prvn\u011b m\u011b p\u0159i\u0161li na to, \u017ee bychom mohli jet s d\u011btmi k mo\u0159i. Jenom\u017ee pak jsme si s p\u0159\u00edtelem \u0159ekli, \u017ee kdy\u017e m\u00e1me t\u0159i d\u011bti, tak by to asi finan\u010dn\u011b vy\u0161lo na hodn\u011b [&hellip;]","datePublished":"2023-01-15","dateModified":"2023-01-15","author":{"@type":"Person","@id":"https:\/\/www.rebooter.cz\/author\/devene\/#Person","name":"devene","url":"https:\/\/www.rebooter.cz\/author\/devene\/","identifier":1,"image":{"@type":"ImageObject","@id":"https:\/\/secure.gravatar.com\/avatar\/99fa2d7bb0ff3369cbf7f1481134d0b6f7aff596e984b7c90a3d99b8b24eb0d8?s=96&d=mm&r=g","url":"https:\/\/secure.gravatar.com\/avatar\/99fa2d7bb0ff3369cbf7f1481134d0b6f7aff596e984b7c90a3d99b8b24eb0d8?s=96&d=mm&r=g","height":96,"width":96}},"publisher":{"@type":"Organization","name":"rebooter.cz","logo":{"@type":"ImageObject","@id":"\/logo.png","url":"\/logo.png","width":600,"height":60}},"image":{"@type":"ImageObject","@id":"https:\/\/www.rebooter.cz\/wp-content\/uploads\/cottage-2955582_640_4.jpg","url":"https:\/\/www.rebooter.cz\/wp-content\/uploads\/cottage-2955582_640_4.jpg","height":0,"width":0},"url":"https:\/\/www.rebooter.cz\/pekna-dovolena\/","about":["Internet"],"wordCount":468,"articleBody":"   Kdy\u017e jsem pl\u00e1novala n\u011bjakou p\u011bknou dovolenou s d\u011btmi, tak jsem v\u016fbec nemohla p\u0159ij\u00edt na to, co by bylo nejlep\u0161\u00ed. Samoz\u0159ejm\u011b, \u017ee jsme prvn\u011b m\u011b p\u0159i\u0161li na to, \u017ee bychom mohli jet s d\u011btmi k mo\u0159i. Jenom\u017ee pak jsme si s p\u0159\u00edtelem \u0159ekli, \u017ee kdy\u017e m\u00e1me t\u0159i d\u011bti, tak by to asi finan\u010dn\u011b vy\u0161lo na hodn\u011b pen\u011bz. Sice ch\u00e1pu, \u017ee na\u0161e dv\u011b d\u011bti ze t\u0159\u00ed by m\u011bli zdarma cestov\u00e1n\u00ed, ale stejn\u011b, cena v\u017edycky u mo\u0159e vyjde v\u017edy na v\u00edce pen\u011bz, ne\u017e kdybychom tr\u00e1vili pr\u00e1zdniny u n\u00e1s v \u010cech\u00e1ch. Tak\u017ee jsme si s p\u0159\u00edtelem sedli k po\u010d\u00edta\u010di a hledali jsme, jak\u00e9 ubytov\u00e1n\u00ed by bylo s d\u011btmi nejlep\u0161\u00ed a taky by to vy\u0161lo finan\u010dn\u011b skv\u011ble. A taky jsme hledali n\u011bjak\u00e9 p\u011bkn\u00e9 a zaj\u00edmav\u00e9 ubytov\u00e1n\u00ed v Jesen\u00edk\u00e1ch s d\u011btmi na webov\u00fdch str\u00e1nk\u00e1ch apartmanymax.cz. A opravdu jsme na\u0161li ubytov\u00e1n\u00ed v Jesen\u00edk\u00e1ch s d\u011btmi. \u0158ekli jsme si, \u017ee kdy\u017e to je ubytov\u00e1n\u00ed v Jesen\u00edk\u00e1ch s d\u011btmi, tak tam taky bude opravdu mnoho sportovn\u00edho vyu\u017eit\u00ed a taky tam bude n\u011bjak\u00e9 velik\u00e9 h\u0159i\u0161t\u011b anebo vyu\u017eit\u00ed pro d\u011bti. Tak taky jsme se pod\u00edvali na fotografie, tak jsme s p\u0159\u00edtelem a d\u011btmi byli nad\u0161en\u00ed. Taky rychle jsme je\u0161t\u011b fotografie uk\u00e1zali d\u011btem, jestli by se jim taky ubytov\u00e1n\u00ed v Jesen\u00edk\u00e1ch s d\u011btmi l\u00edbilo. A byli jsme s p\u0159\u00edtelem opravdu hodn\u011b nad\u0161en\u00ed, kdy\u017e se na\u0161im d\u011btem ubytov\u00e1n\u00ed v Jesen\u00edk\u00e1ch s d\u011btmi l\u00edbilo. Tak\u017ee jsme s p\u0159\u00edtelem nev\u00e1hali a ihned jsme si zarezervovali term\u00edn na \u010dty\u0159i noci, abychom d\u011btem ud\u011blali alespo\u0148 p\u011bknou letn\u00ed dovolenou. A sice ano, trv\u00e1 to jenom \u010dty\u0159i dny, ale na\u0161im d\u011btem to sta\u010d\u00ed, proto\u017ee v\u0161ichni v\u00edme, \u017ee v dne\u0161n\u00ed dob\u011b opravdu v\u0161echno drah\u00e9, tak\u017ee se mus\u00ed \u0161et\u0159it a my \u0161et\u0159\u00edme dvojn\u00e1sob. \u010cek\u00e1 n\u00e1s je\u0161t\u011b oprava auta, kter\u00e9 se n\u00e1m rozbilo, tak\u017ee bude pot\u0159ebovat taky n\u011bjakou p\u00e9\u010di u mechanika. Pokud i vy sh\u00e1n\u00edte n\u011bjakou p\u011bknou dovolenou, tak Jesen\u00edky jsou ta prav\u00e1 volba. V\u011b\u0159te, \u017ee ubytov\u00e1n\u00ed v Jesen\u00edk\u00e1ch s d\u011btmi bude skv\u011bl\u00e9 pro v\u0161echny. A pokud st\u00e1le nebudete v\u011bd\u011bt, kam vyrazit s rodinou na dovolenou, tak zkuste taky hledat mezi skv\u011bl\u00fdmi recenzemi.                                                                                                                                                                                                                                                                                                                                                                                          5\/5 - (3 votes)        "},{"@context":"https:\/\/schema.org\/","@type":"BreadcrumbList","itemListElement":[{"@type":"ListItem","position":1,"name":"P\u011bkn\u00e1 dovolen\u00e1","item":"https:\/\/www.rebooter.cz\/pekna-dovolena\/#breadcrumbitem"}]}]