[{"@context":"https:\/\/schema.org\/","@type":"Article","@id":"https:\/\/www.rebooter.cz\/zivot-bez-elektriny\/#Article","mainEntityOfPage":"https:\/\/www.rebooter.cz\/zivot-bez-elektriny\/","headline":"\u017divot bez elekt\u0159iny","name":"\u017divot bez elekt\u0159iny","description":"Lid\u00e9 kdysi nem\u011bli elekt\u0159inu. A p\u0159esto \u017eili tak, jak to pova\u017eovali za norm\u00e1ln\u00ed. A \u017eivot bez elekt\u0159iny za norm\u00e1ln\u00ed pova\u017eovali, proto\u017ee ten s\u00a0elekt\u0159inou neznali. A co o\u010di nevid\u00ed, to srdce ne\u017eel\u00ed, jak se traduje.\u00a0Pak se ale elekt\u0159ina zrodila a rozmohla. A dostali jsme se a\u017e do dne\u0161n\u00ed situace, kterou v\u00e1m nemus\u00edm popisovat, proto\u017ee je to [&hellip;]","datePublished":"2024-05-30","dateModified":"2024-05-30","author":{"@type":"Person","@id":"https:\/\/www.rebooter.cz\/author\/devene\/#Person","name":"devene","url":"https:\/\/www.rebooter.cz\/author\/devene\/","identifier":1,"image":{"@type":"ImageObject","@id":"https:\/\/secure.gravatar.com\/avatar\/99fa2d7bb0ff3369cbf7f1481134d0b6f7aff596e984b7c90a3d99b8b24eb0d8?s=96&d=mm&r=g","url":"https:\/\/secure.gravatar.com\/avatar\/99fa2d7bb0ff3369cbf7f1481134d0b6f7aff596e984b7c90a3d99b8b24eb0d8?s=96&d=mm&r=g","height":96,"width":96}},"publisher":{"@type":"Organization","name":"rebooter.cz","logo":{"@type":"ImageObject","@id":"\/logo.png","url":"\/logo.png","width":600,"height":60}},"image":{"@type":"ImageObject","@id":"https:\/\/www.rebooter.cz\/wp-content\/uploads\/%C5%BE%C5%BE%C5%BE%C5%BE%C5%BE%C5%BE%C5%BE_10_2.jpg","url":"https:\/\/www.rebooter.cz\/wp-content\/uploads\/%C5%BE%C5%BE%C5%BE%C5%BE%C5%BE%C5%BE%C5%BE_10_2.jpg","height":0,"width":0},"url":"https:\/\/www.rebooter.cz\/zivot-bez-elektriny\/","about":["Elektro"],"wordCount":417,"articleBody":"Lid\u00e9 kdysi nem\u011bli elekt\u0159inu. A p\u0159esto \u017eili tak, jak to pova\u017eovali za norm\u00e1ln\u00ed. A \u017eivot bez elekt\u0159iny za norm\u00e1ln\u00ed pova\u017eovali, proto\u017ee ten s\u00a0elekt\u0159inou neznali. A co o\u010di nevid\u00ed, to srdce ne\u017eel\u00ed, jak se traduje.\u00a0Pak se ale elekt\u0159ina zrodila a rozmohla. A dostali jsme se a\u017e do dne\u0161n\u00ed situace, kterou v\u00e1m nemus\u00edm popisovat, proto\u017ee je to realita, ve kter\u00e9 \u017eijeme.\u00a0Ale co by se stalo, kdyby dnes najednou p\u0159estala elekt\u0159ina existovat? Jak by se na\u0161e \u017eivoty vyv\u00edjely d\u00e1l? Vr\u00e1tili bychom se bez probl\u00e9m\u016f k\u00a0\u017eivotu, kter\u00fd vedli na\u0161i p\u0159edkov\u00e9, a na tuto vymo\u017eenost r\u00e1zem zapomn\u011bli?To ur\u010dit\u011b ne, \u017ee? Na v\u00fdvoj pozitivn\u00edm sm\u011brem si sice my lid\u00e9 zvyk\u00e1me snadno a r\u00e1di, ale kdy\u017e se tento ub\u00edr\u00e1 opa\u010dn\u00fdm sm\u011brem, k\u00a0tomu nedokonalej\u0161\u00edmu, vn\u00edm\u00e1me to negativn\u011b a nechceme to dobr\u00e9 jenom tak o\u017eelet.\u00a0Kdyby tedy elekt\u0159ina n\u00e1hle zmizela, na okam\u017eik bychom asi ustrnuli cel\u00ed zd\u011b\u0161en\u00ed. A pak by n\u00e1sledovalo to, co by n\u00e1sledovalo. Panika prov\u00e1zen\u00e1 hlavn\u011b rabov\u00e1n\u00edm. Zat\u00edmco by toti\u017e byli n\u011bkte\u0159\u00ed z\u00a0n\u00e1s zd\u011b\u0161eni a hore\u010dn\u011b uva\u017eovali, jak zvl\u00e1dnout dal\u0161\u00ed \u017eivot, nekal\u00e9 \u017eivly by vyu\u017eily tmy, absence alarm\u016f a jin\u00fdch elektrick\u00fdch z\u00e1bran a rabovaly by.\u010casem by se situace sice z\u0159ejm\u011b normalizovala, je ale ot\u00e1zkou, jak. Zda bychom si zvykli \u017e\u00edt ve dne a sp\u00e1t v\u00a0noci, proto\u017ee by byl no\u010dn\u00ed \u017eivot za tmy nep\u0159edstaviteln\u00fd, nebo zda by za\u010dali v\u00fdznamn\u011b prosperovat v\u00fdrobci sv\u00edc\u00ed, lou\u010d\u00ed, petrolejek a pochodn\u00ed. Zda bychom dok\u00e1zali nahradit elektrick\u00e9 spot\u0159ebi\u010de n\u011b\u010d\u00edm hlavn\u011b na manu\u00e1ln\u00ed pohon. Proto\u017ee by nebylo vyhnut\u00ed.A tak si p\u0159ejme, aby elekt\u0159ina nikdy nedo\u0161la. A na\u0161t\u011bst\u00ed to vypad\u00e1, \u017ee n\u00e1m prozat\u00edm doj\u00edt nemus\u00ed. Jenom bychom ji m\u011bli ale \u0161et\u0159it. Proto\u017ee tu budou do skon\u00e1n\u00ed lidstva jist\u011b jenom sol\u00e1rn\u00ed zdroje. A jak nejsp\u00ed\u0161e v\u00edte, ty na\u0161i spot\u0159ebu elekt\u0159iny sotva n\u011bkdy dok\u00e1\u017eou pln\u011b pokr\u00fdt. Proto\u017ee a\u017e dojde sol\u00e1rn\u00ed energie, bude to znamenat, \u017ee zhaslo Slunce. A pak u\u017e n\u00e1m bude jedno, zda elekt\u0159inu m\u00e1me nebo ne.                                                                                                                                                                                                                                                                                                                                                                                        3.7\/5 - (3 votes)        "},{"@context":"https:\/\/schema.org\/","@type":"BreadcrumbList","itemListElement":[{"@type":"ListItem","position":1,"name":"\u017divot bez elekt\u0159iny","item":"https:\/\/www.rebooter.cz\/zivot-bez-elektriny\/#breadcrumbitem"}]}]